{"id":15587,"date":"2018-12-23T23:42:35","date_gmt":"2018-12-24T04:42:35","guid":{"rendered":"http:\/\/www.restauraciofisandeco.com\/?p=15587"},"modified":"2023-08-26T11:58:44","modified_gmt":"2023-08-26T16:58:44","slug":"inauguracion-del-nuevo-taller-tienda","status":"publish","type":"post","link":"https:\/\/restauraciofisandeco.com\/es\/inauguracion-del-nuevo-taller-tienda\/","title":{"rendered":"INAUGURACI\u00d3N DEL NUEVO TALLER-TIENDA"},"content":{"rendered":"<p>Finalmente, ya hemos hecho\u00a0 la inauguraci\u00f3n del nuevo taller-tienda con mucha ilusi\u00f3n para continuar recuperando muebles, realizar nuevos proyectos de reciclaje y decoraci\u00f3n y con la nueva colecci\u00f3n de primavera de ropita coci\u00e9ndose.<\/p>\n<p>Esta primera semana ha sido un poco extra\u00f1a, porque he pasado de trabajar a puerta cerrada en una inmensa nave industrial, a trabajar tras de un gran ventanal con gente boquiabierta mir\u00e1ndome. Ha sido divertido.<\/p>\n<h4>Un par de fotos del gran d\u00eda:<\/h4>\n<p><img loading=\"lazy\" decoding=\"async\" class=\"alignnone wp-image-15578\" title=\"inauguracion del nuevo taller-tienda\" src=\"https:\/\/restauraciofisandeco.com\/wp-content\/uploads\/2018\/12\/8-min-1.jpg\" alt=\"inauguracion del nuevo taller-tienda\" width=\"467\" height=\"350\" srcset=\"https:\/\/restauraciofisandeco.com\/wp-content\/uploads\/2018\/12\/8-min-1.jpg 1000w, https:\/\/restauraciofisandeco.com\/wp-content\/uploads\/2018\/12\/8-min-1-300x225.jpg 300w, https:\/\/restauraciofisandeco.com\/wp-content\/uploads\/2018\/12\/8-min-1-768x576.jpg 768w, https:\/\/restauraciofisandeco.com\/wp-content\/uploads\/2018\/12\/8-min-1-651x488.jpg 651w, https:\/\/restauraciofisandeco.com\/wp-content\/uploads\/2018\/12\/8-min-1-600x450.jpg 600w\" sizes=\"auto, (max-width: 467px) 100vw, 467px\" \/>\u00a0<img loading=\"lazy\" decoding=\"async\" class=\"alignnone wp-image-15576\" title=\"inauguracion del nuevo taller-tienda\" src=\"https:\/\/restauraciofisandeco.com\/wp-content\/uploads\/2018\/12\/7-min-1.jpg\" alt=\"inauguracion del nuevo taller-tienda\" width=\"601\" height=\"350\" srcset=\"https:\/\/restauraciofisandeco.com\/wp-content\/uploads\/2018\/12\/7-min-1.jpg 1000w, https:\/\/restauraciofisandeco.com\/wp-content\/uploads\/2018\/12\/7-min-1-300x175.jpg 300w, https:\/\/restauraciofisandeco.com\/wp-content\/uploads\/2018\/12\/7-min-1-768x447.jpg 768w, https:\/\/restauraciofisandeco.com\/wp-content\/uploads\/2018\/12\/7-min-1-651x379.jpg 651w, https:\/\/restauraciofisandeco.com\/wp-content\/uploads\/2018\/12\/7-min-1-600x349.jpg 600w\" sizes=\"auto, (max-width: 601px) 100vw, 601px\" \/><\/p>\n<h4>y unas cuantas m\u00e1s del d\u00eda siguiente, despu\u00e9s de dejarlo bien limpio:<\/h4>\n<p><img loading=\"lazy\" decoding=\"async\" class=\"alignnone wp-image-15566\" title=\"inauguraci\u00f3n del nuevo taller-tienda\" src=\"https:\/\/restauraciofisandeco.com\/wp-content\/uploads\/2018\/12\/2-min-1.jpg\" alt=\"inauguraci\u00f3n del nuevo taller-tienda2\" width=\"800\" height=\"450\" srcset=\"https:\/\/restauraciofisandeco.com\/wp-content\/uploads\/2018\/12\/2-min-1.jpg 1000w, https:\/\/restauraciofisandeco.com\/wp-content\/uploads\/2018\/12\/2-min-1-300x169.jpg 300w, https:\/\/restauraciofisandeco.com\/wp-content\/uploads\/2018\/12\/2-min-1-768x432.jpg 768w, https:\/\/restauraciofisandeco.com\/wp-content\/uploads\/2018\/12\/2-min-1-150x85.jpg 150w, https:\/\/restauraciofisandeco.com\/wp-content\/uploads\/2018\/12\/2-min-1-651x366.jpg 651w, https:\/\/restauraciofisandeco.com\/wp-content\/uploads\/2018\/12\/2-min-1-600x337.jpg 600w\" sizes=\"auto, (max-width: 800px) 100vw, 800px\" \/><\/p>\n<p><img loading=\"lazy\" decoding=\"async\" class=\"alignnone wp-image-15564\" title=\"inauguraci\u00f3n del nuevo taller-tienda\" src=\"https:\/\/restauraciofisandeco.com\/wp-content\/uploads\/2018\/12\/1-min-1.jpg\" alt=\"inauguraci\u00f3n del nuevo taller-tienda1\" width=\"800\" height=\"450\" srcset=\"https:\/\/restauraciofisandeco.com\/wp-content\/uploads\/2018\/12\/1-min-1.jpg 1000w, https:\/\/restauraciofisandeco.com\/wp-content\/uploads\/2018\/12\/1-min-1-300x169.jpg 300w, https:\/\/restauraciofisandeco.com\/wp-content\/uploads\/2018\/12\/1-min-1-768x432.jpg 768w, https:\/\/restauraciofisandeco.com\/wp-content\/uploads\/2018\/12\/1-min-1-150x85.jpg 150w, https:\/\/restauraciofisandeco.com\/wp-content\/uploads\/2018\/12\/1-min-1-651x366.jpg 651w, https:\/\/restauraciofisandeco.com\/wp-content\/uploads\/2018\/12\/1-min-1-600x337.jpg 600w\" sizes=\"auto, (max-width: 800px) 100vw, 800px\" \/><\/p>\n<p><img loading=\"lazy\" decoding=\"async\" class=\"alignnone wp-image-15570\" title=\"iinauguraci\u00f3n del nuevo taller-tienda\" src=\"https:\/\/restauraciofisandeco.com\/wp-content\/uploads\/2018\/12\/4-min-1.jpg\" alt=\"inauguraci\u00f3n del nuevo taller-tienda4\" width=\"800\" height=\"450\" srcset=\"https:\/\/restauraciofisandeco.com\/wp-content\/uploads\/2018\/12\/4-min-1.jpg 1000w, https:\/\/restauraciofisandeco.com\/wp-content\/uploads\/2018\/12\/4-min-1-300x169.jpg 300w, https:\/\/restauraciofisandeco.com\/wp-content\/uploads\/2018\/12\/4-min-1-768x432.jpg 768w, https:\/\/restauraciofisandeco.com\/wp-content\/uploads\/2018\/12\/4-min-1-150x85.jpg 150w, https:\/\/restauraciofisandeco.com\/wp-content\/uploads\/2018\/12\/4-min-1-651x366.jpg 651w, https:\/\/restauraciofisandeco.com\/wp-content\/uploads\/2018\/12\/4-min-1-600x337.jpg 600w\" sizes=\"auto, (max-width: 800px) 100vw, 800px\" \/><\/p>\n<p><img loading=\"lazy\" decoding=\"async\" class=\"alignnone wp-image-15572\" title=\"inauguraci\u00f3n del nuevo taller-tienda\" src=\"https:\/\/restauraciofisandeco.com\/wp-content\/uploads\/2018\/12\/5-min-1.jpg\" alt=\"inauguraci\u00f3n del nuevo taller-tienda5\" width=\"800\" height=\"450\" srcset=\"https:\/\/restauraciofisandeco.com\/wp-content\/uploads\/2018\/12\/5-min-1.jpg 1000w, https:\/\/restauraciofisandeco.com\/wp-content\/uploads\/2018\/12\/5-min-1-300x169.jpg 300w, https:\/\/restauraciofisandeco.com\/wp-content\/uploads\/2018\/12\/5-min-1-768x432.jpg 768w, https:\/\/restauraciofisandeco.com\/wp-content\/uploads\/2018\/12\/5-min-1-150x85.jpg 150w, https:\/\/restauraciofisandeco.com\/wp-content\/uploads\/2018\/12\/5-min-1-651x366.jpg 651w, https:\/\/restauraciofisandeco.com\/wp-content\/uploads\/2018\/12\/5-min-1-600x337.jpg 600w\" sizes=\"auto, (max-width: 800px) 100vw, 800px\" \/><\/p>\n<p><img loading=\"lazy\" decoding=\"async\" class=\"alignnone wp-image-15574\" title=\"inauguraci\u00f3n del nuevo taller-tienda\" src=\"https:\/\/restauraciofisandeco.com\/wp-content\/uploads\/2018\/12\/6-min-1.jpg\" alt=\"inauguraci\u00f3n del nuevo taller-tienda6\" width=\"800\" height=\"600\" srcset=\"https:\/\/restauraciofisandeco.com\/wp-content\/uploads\/2018\/12\/6-min-1.jpg 1000w, https:\/\/restauraciofisandeco.com\/wp-content\/uploads\/2018\/12\/6-min-1-300x225.jpg 300w, https:\/\/restauraciofisandeco.com\/wp-content\/uploads\/2018\/12\/6-min-1-768x576.jpg 768w, https:\/\/restauraciofisandeco.com\/wp-content\/uploads\/2018\/12\/6-min-1-651x488.jpg 651w, https:\/\/restauraciofisandeco.com\/wp-content\/uploads\/2018\/12\/6-min-1-600x450.jpg 600w\" sizes=\"auto, (max-width: 800px) 100vw, 800px\" \/><\/p>\n<p><img loading=\"lazy\" decoding=\"async\" class=\"alignnone wp-image-15568\" title=\"inauguraci\u00f3n del nuevo taller-tienda\" src=\"https:\/\/restauraciofisandeco.com\/wp-content\/uploads\/2018\/12\/3-min-1.jpg\" alt=\"inauguraci\u00f3n del nuevo taller-tienda3\" width=\"800\" height=\"450\" srcset=\"https:\/\/restauraciofisandeco.com\/wp-content\/uploads\/2018\/12\/3-min-1.jpg 1000w, https:\/\/restauraciofisandeco.com\/wp-content\/uploads\/2018\/12\/3-min-1-300x169.jpg 300w, https:\/\/restauraciofisandeco.com\/wp-content\/uploads\/2018\/12\/3-min-1-768x432.jpg 768w, https:\/\/restauraciofisandeco.com\/wp-content\/uploads\/2018\/12\/3-min-1-150x85.jpg 150w, https:\/\/restauraciofisandeco.com\/wp-content\/uploads\/2018\/12\/3-min-1-651x366.jpg 651w, https:\/\/restauraciofisandeco.com\/wp-content\/uploads\/2018\/12\/3-min-1-600x337.jpg 600w\" sizes=\"auto, (max-width: 800px) 100vw, 800px\" \/><\/p>\n<h4>\u00a1Os esperamos!<\/h4>\n","protected":false},"excerpt":{"rendered":"<p>Finalmente, ya hemos hecho\u00a0 la inauguraci\u00f3n del nuevo taller-tienda con mucha ilusi\u00f3n para continuar recuperando muebles, realizar nuevos proyectos de reciclaje y decoraci\u00f3n y con la nueva colecci\u00f3n de primavera de ropita coci\u00e9ndose. Esta primera semana ha sido un poco extra\u00f1a, porque he pasado de trabajar a puerta cerrada en una inmensa nave industrial, a [&hellip;]<\/p>\n","protected":false},"author":1,"featured_media":15578,"comment_status":"open","ping_status":"closed","sticky":false,"template":"post-templates\/single-layout-3.php","format":"standard","meta":{"footnotes":""},"categories":[266],"tags":[],"class_list":["post-15587","post","type-post","status-publish","format-standard","has-post-thumbnail","hentry","category-restauracion-fisandeco"],"yoast_head":"<!-- This site is optimized with the Yoast SEO plugin v21.5 - https:\/\/yoast.com\/wordpress\/plugins\/seo\/ -->\n<title>inauguraci\u00f3n del nuevo taller-tienda<\/title>\n<meta name=\"description\" content=\"Finalmente, ya hemos hecho\u00a0 la inauguraci\u00f3n del nuevo taller-tienda con mucha ilusi\u00f3n para continuar recuperando muebles, realizar nuevos proyectos de reciclaje y decoraci\u00f3n y con la nueva colecci\u00f3n de primavera de ropita coci\u00e9ndose. Esta primera semana ha sido un poco extra\u00f1a\" \/>\n<meta name=\"robots\" content=\"index, follow, max-snippet:-1, max-image-preview:large, max-video-preview:-1\" \/>\n<link rel=\"canonical\" href=\"https:\/\/restauraciofisandeco.com\/es\/inauguracion-del-nuevo-taller-tienda\/\" \/>\n<meta property=\"og:locale\" content=\"es_ES\" \/>\n<meta property=\"og:type\" content=\"article\" \/>\n<meta property=\"og:title\" content=\"inauguraci\u00f3n del nuevo taller-tienda\" \/>\n<meta property=\"og:description\" content=\"Finalmente, ya hemos hecho\u00a0 la inauguraci\u00f3n del nuevo taller-tienda con mucha ilusi\u00f3n para continuar recuperando muebles, realizar nuevos proyectos de reciclaje y decoraci\u00f3n y con la nueva colecci\u00f3n de primavera de ropita coci\u00e9ndose. Esta primera semana ha sido un poco extra\u00f1a\" \/>\n<meta property=\"og:url\" content=\"https:\/\/restauraciofisandeco.com\/es\/inauguracion-del-nuevo-taller-tienda\/\" \/>\n<meta property=\"og:site_name\" content=\"Fisandeco\" \/>\n<meta property=\"article:publisher\" content=\"https:\/\/es-es.facebook.com\/fisandeco\/\" \/>\n<meta property=\"article:published_time\" content=\"2018-12-24T04:42:35+00:00\" \/>\n<meta property=\"article:modified_time\" content=\"2023-08-26T16:58:44+00:00\" \/>\n<meta property=\"og:image\" content=\"https:\/\/restauraciofisandeco.com\/wp-content\/uploads\/2018\/12\/8-min-1.jpg\" \/>\n\t<meta property=\"og:image:width\" content=\"1000\" \/>\n\t<meta property=\"og:image:height\" content=\"750\" \/>\n\t<meta property=\"og:image:type\" content=\"image\/jpeg\" \/>\n<meta name=\"author\" content=\"admin\" \/>\n<meta name=\"twitter:card\" content=\"summary_large_image\" \/>\n<meta name=\"twitter:label1\" content=\"Escrito por\" \/>\n\t<meta name=\"twitter:data1\" content=\"admin\" \/>\n\t<meta name=\"twitter:label2\" content=\"Tiempo de lectura\" \/>\n\t<meta name=\"twitter:data2\" content=\"1 minuto\" \/>\n<script type=\"application\/ld+json\" class=\"yoast-schema-graph\">{\"@context\":\"https:\/\/schema.org\",\"@graph\":[{\"@type\":\"Article\",\"@id\":\"https:\/\/restauraciofisandeco.com\/es\/inauguracion-del-nuevo-taller-tienda\/#article\",\"isPartOf\":{\"@id\":\"https:\/\/restauraciofisandeco.com\/es\/inauguracion-del-nuevo-taller-tienda\/\"},\"author\":{\"name\":\"admin\",\"@id\":\"https:\/\/restauraciofisandeco.com\/ca\/#\/schema\/person\/a1eff28d5f6fe1c1d3dc8371f565b3f2\"},\"headline\":\"INAUGURACI\u00d3N DEL NUEVO TALLER-TIENDA\",\"datePublished\":\"2018-12-24T04:42:35+00:00\",\"dateModified\":\"2023-08-26T16:58:44+00:00\",\"mainEntityOfPage\":{\"@id\":\"https:\/\/restauraciofisandeco.com\/es\/inauguracion-del-nuevo-taller-tienda\/\"},\"wordCount\":105,\"commentCount\":0,\"publisher\":{\"@id\":\"https:\/\/restauraciofisandeco.com\/ca\/#organization\"},\"articleSection\":[\"Restauraci\u00f3n Fisandeco\"],\"inLanguage\":\"es\",\"potentialAction\":[{\"@type\":\"CommentAction\",\"name\":\"Comment\",\"target\":[\"https:\/\/restauraciofisandeco.com\/es\/inauguracion-del-nuevo-taller-tienda\/#respond\"]}]},{\"@type\":\"WebPage\",\"@id\":\"https:\/\/restauraciofisandeco.com\/es\/inauguracion-del-nuevo-taller-tienda\/\",\"url\":\"https:\/\/restauraciofisandeco.com\/es\/inauguracion-del-nuevo-taller-tienda\/\",\"name\":\"inauguraci\u00f3n del nuevo taller-tienda\",\"isPartOf\":{\"@id\":\"https:\/\/restauraciofisandeco.com\/ca\/#website\"},\"datePublished\":\"2018-12-24T04:42:35+00:00\",\"dateModified\":\"2023-08-26T16:58:44+00:00\",\"description\":\"Finalmente, ya hemos hecho\u00a0 la inauguraci\u00f3n del nuevo taller-tienda con mucha ilusi\u00f3n para continuar recuperando muebles, realizar nuevos proyectos de reciclaje y decoraci\u00f3n y con la nueva colecci\u00f3n de primavera de ropita coci\u00e9ndose. Esta primera semana ha sido un poco extra\u00f1a\",\"breadcrumb\":{\"@id\":\"https:\/\/restauraciofisandeco.com\/es\/inauguracion-del-nuevo-taller-tienda\/#breadcrumb\"},\"inLanguage\":\"es\",\"potentialAction\":[{\"@type\":\"ReadAction\",\"target\":[\"https:\/\/restauraciofisandeco.com\/es\/inauguracion-del-nuevo-taller-tienda\/\"]}]},{\"@type\":\"BreadcrumbList\",\"@id\":\"https:\/\/restauraciofisandeco.com\/es\/inauguracion-del-nuevo-taller-tienda\/#breadcrumb\",\"itemListElement\":[{\"@type\":\"ListItem\",\"position\":1,\"name\":\"Home\",\"item\":\"https:\/\/restauraciofisandeco.com\/es\/\"},{\"@type\":\"ListItem\",\"position\":2,\"name\":\"INAUGURACI\u00d3N DEL NUEVO TALLER-TIENDA\"}]},{\"@type\":\"WebSite\",\"@id\":\"https:\/\/restauraciofisandeco.com\/ca\/#website\",\"url\":\"https:\/\/restauraciofisandeco.com\/ca\/\",\"name\":\"Fisandeco\",\"description\":\"\",\"publisher\":{\"@id\":\"https:\/\/restauraciofisandeco.com\/ca\/#organization\"},\"potentialAction\":[{\"@type\":\"SearchAction\",\"target\":{\"@type\":\"EntryPoint\",\"urlTemplate\":\"https:\/\/restauraciofisandeco.com\/ca\/?s={search_term_string}\"},\"query-input\":\"required name=search_term_string\"}],\"inLanguage\":\"es\"},{\"@type\":\"Organization\",\"@id\":\"https:\/\/restauraciofisandeco.com\/ca\/#organization\",\"name\":\"Fisandeco\",\"url\":\"https:\/\/restauraciofisandeco.com\/ca\/\",\"logo\":{\"@type\":\"ImageObject\",\"inLanguage\":\"es\",\"@id\":\"https:\/\/restauraciofisandeco.com\/ca\/#\/schema\/logo\/image\/\",\"url\":\"https:\/\/restauraciofisandeco.com\/wp-content\/uploads\/2023\/09\/logo.jpg\",\"contentUrl\":\"https:\/\/restauraciofisandeco.com\/wp-content\/uploads\/2023\/09\/logo.jpg\",\"width\":316,\"height\":316,\"caption\":\"Fisandeco\"},\"image\":{\"@id\":\"https:\/\/restauraciofisandeco.com\/ca\/#\/schema\/logo\/image\/\"},\"sameAs\":[\"https:\/\/es-es.facebook.com\/fisandeco\/\",\"https:\/\/www.instagram.com\/fisandeco\/\"]},{\"@type\":\"Person\",\"@id\":\"https:\/\/restauraciofisandeco.com\/ca\/#\/schema\/person\/a1eff28d5f6fe1c1d3dc8371f565b3f2\",\"name\":\"admin\",\"image\":{\"@type\":\"ImageObject\",\"inLanguage\":\"es\",\"@id\":\"https:\/\/restauraciofisandeco.com\/ca\/#\/schema\/person\/image\/\",\"url\":\"https:\/\/secure.gravatar.com\/avatar\/ba5aab6415b7b62519ea9f729aae12e81151b969ea3d2adc737411b5ccc6fb90?s=96&d=mm&r=g\",\"contentUrl\":\"https:\/\/secure.gravatar.com\/avatar\/ba5aab6415b7b62519ea9f729aae12e81151b969ea3d2adc737411b5ccc6fb90?s=96&d=mm&r=g\",\"caption\":\"admin\"},\"url\":\"https:\/\/restauraciofisandeco.com\/es\/author\/admin\/\"}]}<\/script>\n<!-- \/ Yoast SEO plugin. -->","yoast_head_json":{"title":"inauguraci\u00f3n del nuevo taller-tienda","description":"Finalmente, ya hemos hecho\u00a0 la inauguraci\u00f3n del nuevo taller-tienda con mucha ilusi\u00f3n para continuar recuperando muebles, realizar nuevos proyectos de reciclaje y decoraci\u00f3n y con la nueva colecci\u00f3n de primavera de ropita coci\u00e9ndose. Esta primera semana ha sido un poco extra\u00f1a","robots":{"index":"index","follow":"follow","max-snippet":"max-snippet:-1","max-image-preview":"max-image-preview:large","max-video-preview":"max-video-preview:-1"},"canonical":"https:\/\/restauraciofisandeco.com\/es\/inauguracion-del-nuevo-taller-tienda\/","og_locale":"es_ES","og_type":"article","og_title":"inauguraci\u00f3n del nuevo taller-tienda","og_description":"Finalmente, ya hemos hecho\u00a0 la inauguraci\u00f3n del nuevo taller-tienda con mucha ilusi\u00f3n para continuar recuperando muebles, realizar nuevos proyectos de reciclaje y decoraci\u00f3n y con la nueva colecci\u00f3n de primavera de ropita coci\u00e9ndose. Esta primera semana ha sido un poco extra\u00f1a","og_url":"https:\/\/restauraciofisandeco.com\/es\/inauguracion-del-nuevo-taller-tienda\/","og_site_name":"Fisandeco","article_publisher":"https:\/\/es-es.facebook.com\/fisandeco\/","article_published_time":"2018-12-24T04:42:35+00:00","article_modified_time":"2023-08-26T16:58:44+00:00","og_image":[{"width":1000,"height":750,"url":"https:\/\/restauraciofisandeco.com\/wp-content\/uploads\/2018\/12\/8-min-1.jpg","type":"image\/jpeg"}],"author":"admin","twitter_card":"summary_large_image","twitter_misc":{"Escrito por":"admin","Tiempo de lectura":"1 minuto"},"schema":{"@context":"https:\/\/schema.org","@graph":[{"@type":"Article","@id":"https:\/\/restauraciofisandeco.com\/es\/inauguracion-del-nuevo-taller-tienda\/#article","isPartOf":{"@id":"https:\/\/restauraciofisandeco.com\/es\/inauguracion-del-nuevo-taller-tienda\/"},"author":{"name":"admin","@id":"https:\/\/restauraciofisandeco.com\/ca\/#\/schema\/person\/a1eff28d5f6fe1c1d3dc8371f565b3f2"},"headline":"INAUGURACI\u00d3N DEL NUEVO TALLER-TIENDA","datePublished":"2018-12-24T04:42:35+00:00","dateModified":"2023-08-26T16:58:44+00:00","mainEntityOfPage":{"@id":"https:\/\/restauraciofisandeco.com\/es\/inauguracion-del-nuevo-taller-tienda\/"},"wordCount":105,"commentCount":0,"publisher":{"@id":"https:\/\/restauraciofisandeco.com\/ca\/#organization"},"articleSection":["Restauraci\u00f3n Fisandeco"],"inLanguage":"es","potentialAction":[{"@type":"CommentAction","name":"Comment","target":["https:\/\/restauraciofisandeco.com\/es\/inauguracion-del-nuevo-taller-tienda\/#respond"]}]},{"@type":"WebPage","@id":"https:\/\/restauraciofisandeco.com\/es\/inauguracion-del-nuevo-taller-tienda\/","url":"https:\/\/restauraciofisandeco.com\/es\/inauguracion-del-nuevo-taller-tienda\/","name":"inauguraci\u00f3n del nuevo taller-tienda","isPartOf":{"@id":"https:\/\/restauraciofisandeco.com\/ca\/#website"},"datePublished":"2018-12-24T04:42:35+00:00","dateModified":"2023-08-26T16:58:44+00:00","description":"Finalmente, ya hemos hecho\u00a0 la inauguraci\u00f3n del nuevo taller-tienda con mucha ilusi\u00f3n para continuar recuperando muebles, realizar nuevos proyectos de reciclaje y decoraci\u00f3n y con la nueva colecci\u00f3n de primavera de ropita coci\u00e9ndose. Esta primera semana ha sido un poco extra\u00f1a","breadcrumb":{"@id":"https:\/\/restauraciofisandeco.com\/es\/inauguracion-del-nuevo-taller-tienda\/#breadcrumb"},"inLanguage":"es","potentialAction":[{"@type":"ReadAction","target":["https:\/\/restauraciofisandeco.com\/es\/inauguracion-del-nuevo-taller-tienda\/"]}]},{"@type":"BreadcrumbList","@id":"https:\/\/restauraciofisandeco.com\/es\/inauguracion-del-nuevo-taller-tienda\/#breadcrumb","itemListElement":[{"@type":"ListItem","position":1,"name":"Home","item":"https:\/\/restauraciofisandeco.com\/es\/"},{"@type":"ListItem","position":2,"name":"INAUGURACI\u00d3N DEL NUEVO TALLER-TIENDA"}]},{"@type":"WebSite","@id":"https:\/\/restauraciofisandeco.com\/ca\/#website","url":"https:\/\/restauraciofisandeco.com\/ca\/","name":"Fisandeco","description":"","publisher":{"@id":"https:\/\/restauraciofisandeco.com\/ca\/#organization"},"potentialAction":[{"@type":"SearchAction","target":{"@type":"EntryPoint","urlTemplate":"https:\/\/restauraciofisandeco.com\/ca\/?s={search_term_string}"},"query-input":"required name=search_term_string"}],"inLanguage":"es"},{"@type":"Organization","@id":"https:\/\/restauraciofisandeco.com\/ca\/#organization","name":"Fisandeco","url":"https:\/\/restauraciofisandeco.com\/ca\/","logo":{"@type":"ImageObject","inLanguage":"es","@id":"https:\/\/restauraciofisandeco.com\/ca\/#\/schema\/logo\/image\/","url":"https:\/\/restauraciofisandeco.com\/wp-content\/uploads\/2023\/09\/logo.jpg","contentUrl":"https:\/\/restauraciofisandeco.com\/wp-content\/uploads\/2023\/09\/logo.jpg","width":316,"height":316,"caption":"Fisandeco"},"image":{"@id":"https:\/\/restauraciofisandeco.com\/ca\/#\/schema\/logo\/image\/"},"sameAs":["https:\/\/es-es.facebook.com\/fisandeco\/","https:\/\/www.instagram.com\/fisandeco\/"]},{"@type":"Person","@id":"https:\/\/restauraciofisandeco.com\/ca\/#\/schema\/person\/a1eff28d5f6fe1c1d3dc8371f565b3f2","name":"admin","image":{"@type":"ImageObject","inLanguage":"es","@id":"https:\/\/restauraciofisandeco.com\/ca\/#\/schema\/person\/image\/","url":"https:\/\/secure.gravatar.com\/avatar\/ba5aab6415b7b62519ea9f729aae12e81151b969ea3d2adc737411b5ccc6fb90?s=96&d=mm&r=g","contentUrl":"https:\/\/secure.gravatar.com\/avatar\/ba5aab6415b7b62519ea9f729aae12e81151b969ea3d2adc737411b5ccc6fb90?s=96&d=mm&r=g","caption":"admin"},"url":"https:\/\/restauraciofisandeco.com\/es\/author\/admin\/"}]}},"_links":{"self":[{"href":"https:\/\/restauraciofisandeco.com\/es\/wp-json\/wp\/v2\/posts\/15587","targetHints":{"allow":["GET"]}}],"collection":[{"href":"https:\/\/restauraciofisandeco.com\/es\/wp-json\/wp\/v2\/posts"}],"about":[{"href":"https:\/\/restauraciofisandeco.com\/es\/wp-json\/wp\/v2\/types\/post"}],"author":[{"embeddable":true,"href":"https:\/\/restauraciofisandeco.com\/es\/wp-json\/wp\/v2\/users\/1"}],"replies":[{"embeddable":true,"href":"https:\/\/restauraciofisandeco.com\/es\/wp-json\/wp\/v2\/comments?post=15587"}],"version-history":[{"count":1,"href":"https:\/\/restauraciofisandeco.com\/es\/wp-json\/wp\/v2\/posts\/15587\/revisions"}],"predecessor-version":[{"id":15769,"href":"https:\/\/restauraciofisandeco.com\/es\/wp-json\/wp\/v2\/posts\/15587\/revisions\/15769"}],"wp:featuredmedia":[{"embeddable":true,"href":"https:\/\/restauraciofisandeco.com\/es\/wp-json\/wp\/v2\/media\/15578"}],"wp:attachment":[{"href":"https:\/\/restauraciofisandeco.com\/es\/wp-json\/wp\/v2\/media?parent=15587"}],"wp:term":[{"taxonomy":"category","embeddable":true,"href":"https:\/\/restauraciofisandeco.com\/es\/wp-json\/wp\/v2\/categories?post=15587"},{"taxonomy":"post_tag","embeddable":true,"href":"https:\/\/restauraciofisandeco.com\/es\/wp-json\/wp\/v2\/tags?post=15587"}],"curies":[{"name":"wp","href":"https:\/\/api.w.org\/{rel}","templated":true}]}}