{"id":15666,"date":"2019-01-31T10:45:30","date_gmt":"2019-01-31T09:45:30","guid":{"rendered":"http:\/\/www.restauraciofisandeco.com\/?p=15666"},"modified":"2023-08-26T10:29:28","modified_gmt":"2023-08-26T15:29:28","slug":"bufet-modernista","status":"publish","type":"post","link":"https:\/\/restauraciofisandeco.com\/ca\/bufet-modernista\/","title":{"rendered":"BUFET MODERNISTA"},"content":{"rendered":"<p>Avui us explicar\u00e9 el proc\u00e9s de transformaci\u00f3 d&#8217;aquest preci\u00f3s bufet modernista:<\/p>\n<p><img loading=\"lazy\" decoding=\"async\" class=\"alignnone wp-image-15535\" title=\"bufet modernista\" src=\"https:\/\/restauraciofisandeco.com\/wp-content\/uploads\/2018\/10\/1-min-1.jpg\" alt=\"bufet modernista1\" width=\"516\" height=\"400\" \/>\u00a0<img loading=\"lazy\" decoding=\"async\" class=\"alignnone wp-image-15668\" title=\"bufet modernista\" src=\"https:\/\/restauraciofisandeco.com\/wp-content\/uploads\/2019\/01\/3-min-1.jpg\" alt=\"bufet modernista3\" width=\"238\" height=\"400\" \/><\/p>\n<h4>El primer pas: un bon tractament pel corc (injecci\u00f3 de l\u00edquid anti-corc forat a forat, una bona impregnaci\u00f3 amb pinzell per tot arreu i una embolicada pl\u00e0stica ben herm\u00e8tica durant 15 dies). I despr\u00e9s, un cop ben net, comencem a massillar foradets i imperfeccions i a reconstruir part de les potes.<\/h4>\n<h4>Fem una primera capa de pintura chalkpaint d&#8217;un color verd\u00f3s que hem preparat,<\/h4>\n<p><img loading=\"lazy\" decoding=\"async\" class=\"alignnone wp-image-15674\" title=\"bufet modernista\" src=\"https:\/\/restauraciofisandeco.com\/wp-content\/uploads\/2019\/01\/6-min-1.jpg\" alt=\"bufet modernista6\" width=\"268\" height=\"400\" \/><\/p>\n<p>despr\u00e9s un esponjat amb blau mar\u00ed i uns retocs en blanc,<\/p>\n<p><img loading=\"lazy\" decoding=\"async\" class=\"alignnone wp-image-15670\" title=\"bufet modernista\" src=\"https:\/\/restauraciofisandeco.com\/wp-content\/uploads\/2019\/01\/4-min-1.jpg\" alt=\"bufet modernista4\" width=\"225\" height=\"400\" \/><\/p>\n<p>cera negra,<\/p>\n<p><img loading=\"lazy\" decoding=\"async\" class=\"alignnone wp-image-15672\" title=\"bufet modernista\" src=\"https:\/\/restauraciofisandeco.com\/wp-content\/uploads\/2019\/01\/5-min-1.jpg\" alt=\"bufet modernista5\" width=\"353\" height=\"400\" \/>\u00a0<img loading=\"lazy\" decoding=\"async\" class=\"alignnone wp-image-15537\" title=\"bufet modernista\" src=\"https:\/\/restauraciofisandeco.com\/wp-content\/uploads\/2018\/10\/2-min-1.jpg\" alt=\"bufet modernista2\" width=\"232\" height=\"400\" \/><\/p>\n<p>i finalment, blanc immaculat per dins, que sempre fa net.<\/p>\n<p>&nbsp;<\/p>\n<p>&nbsp;<\/p>\n<p>&nbsp;<\/p>\n<p>&nbsp;<\/p>\n","protected":false},"excerpt":{"rendered":"<p>Avui us explicar\u00e9 el proc\u00e9s de transformaci\u00f3 d&#8217;aquest preci\u00f3s bufet modernista: \u00a0 El primer pas: un bon tractament pel corc (injecci\u00f3 de l\u00edquid anti-corc forat a forat, una bona impregnaci\u00f3 amb pinzell per tot arreu i una embolicada pl\u00e0stica ben herm\u00e8tica durant 15 dies). I despr\u00e9s, un cop ben net, comencem a massillar foradets i [&hellip;]<\/p>\n","protected":false},"author":1,"featured_media":15535,"comment_status":"closed","ping_status":"closed","sticky":false,"template":"post-templates\/single-layout-3.php","format":"standard","meta":{"footnotes":""},"categories":[270],"tags":[],"class_list":["post-15666","post","type-post","status-publish","format-standard","has-post-thumbnail","hentry","category-mobles"],"yoast_head":"<!-- This site is optimized with the Yoast SEO plugin v21.5 - https:\/\/yoast.com\/wordpress\/plugins\/seo\/ -->\n<title>BUFET MODERNISTA - Fisandeco<\/title>\n<meta name=\"description\" content=\"Avui us explicar\u00e9 el proc\u00e9s de transformaci\u00f3 d&#039;aquest preci\u00f3s bufet modernista: El primer pas: un bon tractament pel corc (injecci\u00f3 de l\u00edquid anti-corc forat a forat, una bona impregnaci\u00f3 amb pinzell per tot arreu i una embolicada pl\u00e0stica ben herm\u00e8tica durant 15 dies).\" \/>\n<meta name=\"robots\" content=\"index, follow, max-snippet:-1, max-image-preview:large, max-video-preview:-1\" \/>\n<link rel=\"canonical\" href=\"https:\/\/restauraciofisandeco.com\/ca\/bufet-modernista\/\" \/>\n<meta property=\"og:locale\" content=\"ca_ES\" \/>\n<meta property=\"og:type\" content=\"article\" \/>\n<meta property=\"og:title\" content=\"BUFET MODERNISTA - Fisandeco\" \/>\n<meta property=\"og:description\" content=\"Avui us explicar\u00e9 el proc\u00e9s de transformaci\u00f3 d&#039;aquest preci\u00f3s bufet modernista: El primer pas: un bon tractament pel corc (injecci\u00f3 de l\u00edquid anti-corc forat a forat, una bona impregnaci\u00f3 amb pinzell per tot arreu i una embolicada pl\u00e0stica ben herm\u00e8tica durant 15 dies).\" \/>\n<meta property=\"og:url\" content=\"https:\/\/restauraciofisandeco.com\/ca\/bufet-modernista\/\" \/>\n<meta property=\"og:site_name\" content=\"Fisandeco\" \/>\n<meta property=\"article:publisher\" content=\"https:\/\/es-es.facebook.com\/fisandeco\/\" \/>\n<meta property=\"article:published_time\" content=\"2019-01-31T09:45:30+00:00\" \/>\n<meta property=\"article:modified_time\" content=\"2023-08-26T15:29:28+00:00\" \/>\n<meta property=\"og:image\" content=\"https:\/\/restauraciofisandeco.com\/wp-content\/uploads\/2018\/10\/1-min.jpg\" \/>\n\t<meta property=\"og:image:width\" content=\"1000\" \/>\n\t<meta property=\"og:image:height\" content=\"775\" \/>\n\t<meta property=\"og:image:type\" content=\"image\/jpeg\" \/>\n<meta name=\"author\" content=\"admin\" \/>\n<meta name=\"twitter:card\" content=\"summary_large_image\" \/>\n<meta name=\"twitter:label1\" content=\"Escrit per\" \/>\n\t<meta name=\"twitter:data1\" content=\"admin\" \/>\n\t<meta name=\"twitter:label2\" content=\"Temps estimat de lectura\" \/>\n\t<meta name=\"twitter:data2\" content=\"1 minut\" \/>\n<script type=\"application\/ld+json\" class=\"yoast-schema-graph\">{\"@context\":\"https:\/\/schema.org\",\"@graph\":[{\"@type\":\"Article\",\"@id\":\"https:\/\/restauraciofisandeco.com\/ca\/bufet-modernista\/#article\",\"isPartOf\":{\"@id\":\"https:\/\/restauraciofisandeco.com\/ca\/bufet-modernista\/\"},\"author\":{\"name\":\"admin\",\"@id\":\"https:\/\/restauraciofisandeco.com\/ca\/#\/schema\/person\/a1eff28d5f6fe1c1d3dc8371f565b3f2\"},\"headline\":\"BUFET MODERNISTA\",\"datePublished\":\"2019-01-31T09:45:30+00:00\",\"dateModified\":\"2023-08-26T15:29:28+00:00\",\"mainEntityOfPage\":{\"@id\":\"https:\/\/restauraciofisandeco.com\/ca\/bufet-modernista\/\"},\"wordCount\":113,\"publisher\":{\"@id\":\"https:\/\/restauraciofisandeco.com\/ca\/#organization\"},\"articleSection\":[\"mobles\"],\"inLanguage\":\"ca\"},{\"@type\":\"WebPage\",\"@id\":\"https:\/\/restauraciofisandeco.com\/ca\/bufet-modernista\/\",\"url\":\"https:\/\/restauraciofisandeco.com\/ca\/bufet-modernista\/\",\"name\":\"BUFET MODERNISTA - Fisandeco\",\"isPartOf\":{\"@id\":\"https:\/\/restauraciofisandeco.com\/ca\/#website\"},\"datePublished\":\"2019-01-31T09:45:30+00:00\",\"dateModified\":\"2023-08-26T15:29:28+00:00\",\"description\":\"Avui us explicar\u00e9 el proc\u00e9s de transformaci\u00f3 d'aquest preci\u00f3s bufet modernista: El primer pas: un bon tractament pel corc (injecci\u00f3 de l\u00edquid anti-corc forat a forat, una bona impregnaci\u00f3 amb pinzell per tot arreu i una embolicada pl\u00e0stica ben herm\u00e8tica durant 15 dies).\",\"breadcrumb\":{\"@id\":\"https:\/\/restauraciofisandeco.com\/ca\/bufet-modernista\/#breadcrumb\"},\"inLanguage\":\"ca\",\"potentialAction\":[{\"@type\":\"ReadAction\",\"target\":[\"https:\/\/restauraciofisandeco.com\/ca\/bufet-modernista\/\"]}]},{\"@type\":\"BreadcrumbList\",\"@id\":\"https:\/\/restauraciofisandeco.com\/ca\/bufet-modernista\/#breadcrumb\",\"itemListElement\":[{\"@type\":\"ListItem\",\"position\":1,\"name\":\"Home\",\"item\":\"https:\/\/restauraciofisandeco.com\/ca\/\"},{\"@type\":\"ListItem\",\"position\":2,\"name\":\"BUFET MODERNISTA\"}]},{\"@type\":\"WebSite\",\"@id\":\"https:\/\/restauraciofisandeco.com\/ca\/#website\",\"url\":\"https:\/\/restauraciofisandeco.com\/ca\/\",\"name\":\"Fisandeco\",\"description\":\"\",\"publisher\":{\"@id\":\"https:\/\/restauraciofisandeco.com\/ca\/#organization\"},\"potentialAction\":[{\"@type\":\"SearchAction\",\"target\":{\"@type\":\"EntryPoint\",\"urlTemplate\":\"https:\/\/restauraciofisandeco.com\/ca\/?s={search_term_string}\"},\"query-input\":\"required name=search_term_string\"}],\"inLanguage\":\"ca\"},{\"@type\":\"Organization\",\"@id\":\"https:\/\/restauraciofisandeco.com\/ca\/#organization\",\"name\":\"Fisandeco\",\"url\":\"https:\/\/restauraciofisandeco.com\/ca\/\",\"logo\":{\"@type\":\"ImageObject\",\"inLanguage\":\"ca\",\"@id\":\"https:\/\/restauraciofisandeco.com\/ca\/#\/schema\/logo\/image\/\",\"url\":\"https:\/\/restauraciofisandeco.com\/wp-content\/uploads\/2023\/09\/logo.jpg\",\"contentUrl\":\"https:\/\/restauraciofisandeco.com\/wp-content\/uploads\/2023\/09\/logo.jpg\",\"width\":316,\"height\":316,\"caption\":\"Fisandeco\"},\"image\":{\"@id\":\"https:\/\/restauraciofisandeco.com\/ca\/#\/schema\/logo\/image\/\"},\"sameAs\":[\"https:\/\/es-es.facebook.com\/fisandeco\/\",\"https:\/\/www.instagram.com\/fisandeco\/\"]},{\"@type\":\"Person\",\"@id\":\"https:\/\/restauraciofisandeco.com\/ca\/#\/schema\/person\/a1eff28d5f6fe1c1d3dc8371f565b3f2\",\"name\":\"admin\",\"image\":{\"@type\":\"ImageObject\",\"inLanguage\":\"ca\",\"@id\":\"https:\/\/restauraciofisandeco.com\/ca\/#\/schema\/person\/image\/\",\"url\":\"https:\/\/secure.gravatar.com\/avatar\/ba5aab6415b7b62519ea9f729aae12e81151b969ea3d2adc737411b5ccc6fb90?s=96&d=mm&r=g\",\"contentUrl\":\"https:\/\/secure.gravatar.com\/avatar\/ba5aab6415b7b62519ea9f729aae12e81151b969ea3d2adc737411b5ccc6fb90?s=96&d=mm&r=g\",\"caption\":\"admin\"},\"url\":\"https:\/\/restauraciofisandeco.com\/ca\/author\/admin\/\"}]}<\/script>\n<!-- \/ Yoast SEO plugin. -->","yoast_head_json":{"title":"BUFET MODERNISTA - Fisandeco","description":"Avui us explicar\u00e9 el proc\u00e9s de transformaci\u00f3 d'aquest preci\u00f3s bufet modernista: El primer pas: un bon tractament pel corc (injecci\u00f3 de l\u00edquid anti-corc forat a forat, una bona impregnaci\u00f3 amb pinzell per tot arreu i una embolicada pl\u00e0stica ben herm\u00e8tica durant 15 dies).","robots":{"index":"index","follow":"follow","max-snippet":"max-snippet:-1","max-image-preview":"max-image-preview:large","max-video-preview":"max-video-preview:-1"},"canonical":"https:\/\/restauraciofisandeco.com\/ca\/bufet-modernista\/","og_locale":"ca_ES","og_type":"article","og_title":"BUFET MODERNISTA - Fisandeco","og_description":"Avui us explicar\u00e9 el proc\u00e9s de transformaci\u00f3 d'aquest preci\u00f3s bufet modernista: El primer pas: un bon tractament pel corc (injecci\u00f3 de l\u00edquid anti-corc forat a forat, una bona impregnaci\u00f3 amb pinzell per tot arreu i una embolicada pl\u00e0stica ben herm\u00e8tica durant 15 dies).","og_url":"https:\/\/restauraciofisandeco.com\/ca\/bufet-modernista\/","og_site_name":"Fisandeco","article_publisher":"https:\/\/es-es.facebook.com\/fisandeco\/","article_published_time":"2019-01-31T09:45:30+00:00","article_modified_time":"2023-08-26T15:29:28+00:00","og_image":[{"width":1000,"height":775,"url":"https:\/\/restauraciofisandeco.com\/wp-content\/uploads\/2018\/10\/1-min.jpg","type":"image\/jpeg"}],"author":"admin","twitter_card":"summary_large_image","twitter_misc":{"Escrit per":"admin","Temps estimat de lectura":"1 minut"},"schema":{"@context":"https:\/\/schema.org","@graph":[{"@type":"Article","@id":"https:\/\/restauraciofisandeco.com\/ca\/bufet-modernista\/#article","isPartOf":{"@id":"https:\/\/restauraciofisandeco.com\/ca\/bufet-modernista\/"},"author":{"name":"admin","@id":"https:\/\/restauraciofisandeco.com\/ca\/#\/schema\/person\/a1eff28d5f6fe1c1d3dc8371f565b3f2"},"headline":"BUFET MODERNISTA","datePublished":"2019-01-31T09:45:30+00:00","dateModified":"2023-08-26T15:29:28+00:00","mainEntityOfPage":{"@id":"https:\/\/restauraciofisandeco.com\/ca\/bufet-modernista\/"},"wordCount":113,"publisher":{"@id":"https:\/\/restauraciofisandeco.com\/ca\/#organization"},"articleSection":["mobles"],"inLanguage":"ca"},{"@type":"WebPage","@id":"https:\/\/restauraciofisandeco.com\/ca\/bufet-modernista\/","url":"https:\/\/restauraciofisandeco.com\/ca\/bufet-modernista\/","name":"BUFET MODERNISTA - Fisandeco","isPartOf":{"@id":"https:\/\/restauraciofisandeco.com\/ca\/#website"},"datePublished":"2019-01-31T09:45:30+00:00","dateModified":"2023-08-26T15:29:28+00:00","description":"Avui us explicar\u00e9 el proc\u00e9s de transformaci\u00f3 d'aquest preci\u00f3s bufet modernista: El primer pas: un bon tractament pel corc (injecci\u00f3 de l\u00edquid anti-corc forat a forat, una bona impregnaci\u00f3 amb pinzell per tot arreu i una embolicada pl\u00e0stica ben herm\u00e8tica durant 15 dies).","breadcrumb":{"@id":"https:\/\/restauraciofisandeco.com\/ca\/bufet-modernista\/#breadcrumb"},"inLanguage":"ca","potentialAction":[{"@type":"ReadAction","target":["https:\/\/restauraciofisandeco.com\/ca\/bufet-modernista\/"]}]},{"@type":"BreadcrumbList","@id":"https:\/\/restauraciofisandeco.com\/ca\/bufet-modernista\/#breadcrumb","itemListElement":[{"@type":"ListItem","position":1,"name":"Home","item":"https:\/\/restauraciofisandeco.com\/ca\/"},{"@type":"ListItem","position":2,"name":"BUFET MODERNISTA"}]},{"@type":"WebSite","@id":"https:\/\/restauraciofisandeco.com\/ca\/#website","url":"https:\/\/restauraciofisandeco.com\/ca\/","name":"Fisandeco","description":"","publisher":{"@id":"https:\/\/restauraciofisandeco.com\/ca\/#organization"},"potentialAction":[{"@type":"SearchAction","target":{"@type":"EntryPoint","urlTemplate":"https:\/\/restauraciofisandeco.com\/ca\/?s={search_term_string}"},"query-input":"required name=search_term_string"}],"inLanguage":"ca"},{"@type":"Organization","@id":"https:\/\/restauraciofisandeco.com\/ca\/#organization","name":"Fisandeco","url":"https:\/\/restauraciofisandeco.com\/ca\/","logo":{"@type":"ImageObject","inLanguage":"ca","@id":"https:\/\/restauraciofisandeco.com\/ca\/#\/schema\/logo\/image\/","url":"https:\/\/restauraciofisandeco.com\/wp-content\/uploads\/2023\/09\/logo.jpg","contentUrl":"https:\/\/restauraciofisandeco.com\/wp-content\/uploads\/2023\/09\/logo.jpg","width":316,"height":316,"caption":"Fisandeco"},"image":{"@id":"https:\/\/restauraciofisandeco.com\/ca\/#\/schema\/logo\/image\/"},"sameAs":["https:\/\/es-es.facebook.com\/fisandeco\/","https:\/\/www.instagram.com\/fisandeco\/"]},{"@type":"Person","@id":"https:\/\/restauraciofisandeco.com\/ca\/#\/schema\/person\/a1eff28d5f6fe1c1d3dc8371f565b3f2","name":"admin","image":{"@type":"ImageObject","inLanguage":"ca","@id":"https:\/\/restauraciofisandeco.com\/ca\/#\/schema\/person\/image\/","url":"https:\/\/secure.gravatar.com\/avatar\/ba5aab6415b7b62519ea9f729aae12e81151b969ea3d2adc737411b5ccc6fb90?s=96&d=mm&r=g","contentUrl":"https:\/\/secure.gravatar.com\/avatar\/ba5aab6415b7b62519ea9f729aae12e81151b969ea3d2adc737411b5ccc6fb90?s=96&d=mm&r=g","caption":"admin"},"url":"https:\/\/restauraciofisandeco.com\/ca\/author\/admin\/"}]}},"_links":{"self":[{"href":"https:\/\/restauraciofisandeco.com\/ca\/wp-json\/wp\/v2\/posts\/15666","targetHints":{"allow":["GET"]}}],"collection":[{"href":"https:\/\/restauraciofisandeco.com\/ca\/wp-json\/wp\/v2\/posts"}],"about":[{"href":"https:\/\/restauraciofisandeco.com\/ca\/wp-json\/wp\/v2\/types\/post"}],"author":[{"embeddable":true,"href":"https:\/\/restauraciofisandeco.com\/ca\/wp-json\/wp\/v2\/users\/1"}],"replies":[{"embeddable":true,"href":"https:\/\/restauraciofisandeco.com\/ca\/wp-json\/wp\/v2\/comments?post=15666"}],"version-history":[{"count":1,"href":"https:\/\/restauraciofisandeco.com\/ca\/wp-json\/wp\/v2\/posts\/15666\/revisions"}],"predecessor-version":[{"id":15782,"href":"https:\/\/restauraciofisandeco.com\/ca\/wp-json\/wp\/v2\/posts\/15666\/revisions\/15782"}],"wp:featuredmedia":[{"embeddable":true,"href":"https:\/\/restauraciofisandeco.com\/ca\/wp-json\/wp\/v2\/media\/15535"}],"wp:attachment":[{"href":"https:\/\/restauraciofisandeco.com\/ca\/wp-json\/wp\/v2\/media?parent=15666"}],"wp:term":[{"taxonomy":"category","embeddable":true,"href":"https:\/\/restauraciofisandeco.com\/ca\/wp-json\/wp\/v2\/categories?post=15666"},{"taxonomy":"post_tag","embeddable":true,"href":"https:\/\/restauraciofisandeco.com\/ca\/wp-json\/wp\/v2\/tags?post=15666"}],"curies":[{"name":"wp","href":"https:\/\/api.w.org\/{rel}","templated":true}]}}